{"id":3840,"date":"2019-07-23T11:08:03","date_gmt":"2019-07-23T16:08:03","guid":{"rendered":"https:\/\/modulosolar.com\/mx\/?p=3840"},"modified":"2019-07-23T11:25:19","modified_gmt":"2019-07-23T16:25:19","slug":"modulo-solar-instala-colectores-solares-en-once-albercas-de-las-acuaticas-nelson-vargas-a-nivel-nacional","status":"publish","type":"post","link":"https:\/\/modulosolar.com\/mx\/modulo-solar-instala-colectores-solares-en-once-albercas-de-las-acuaticas-nelson-vargas-a-nivel-nacional\/","title":{"rendered":"M\u00d3DULO SOLAR INSTALA COLECTORES SOLARES EN ONCE ALBERCAS DE LAS ACU\u00c1TICAS NELSON VARGAS A NIVEL NACIONAL"},"content":{"rendered":"<!--themify_builder_content-->\n<div id=\"themify_builder_content-3840\" data-postid=\"3840\" class=\"themify_builder_content themify_builder_content-3840 themify_builder tf_clear\">\n                    <div  data-lazy=\"1\" class=\"module_row themify_builder_row tb_0imm063 tb_first tf_w\">\n                        <div class=\"row_inner col_align_top tb_col_count_1 tf_box tf_rel\">\n                        <div  data-lazy=\"1\" class=\"module_column tb-column col-full tb_7wq8200 first\">\n                    <!-- module text -->\n<div  class=\"module module-text tb_v2vu850  repeat \" data-lazy=\"1\">\n        <div  class=\"tb_text_wrap\">\n        <p><strong>M\u00f3dulo Solar<\/strong> termin\u00f3 en el pasado mes de junio la instalaci\u00f3n de sistemas de calentamiento solar de agua para la cadena de Acu\u00e1ticas Nelson Vargas a nivel nacional. Los sistemas, compuestos por colectores solares de alta eficiencia para calentamiento de albercas, fueron puestos en operaci\u00f3n en 11 de las albercas de la cadena deportiva en ciudades como Quer\u00e9taro, Guadalajara y la Ciudad de M\u00e9xico. Se dise\u00f1aron para un rendimiento energ\u00e9tico que permite un ahorro promedio de 70% del consumo de gas para el calentamiento del agua, contando adem\u00e1s con un contrato de garant\u00eda de desempe\u00f1o.<\/p>\n<p>Los colectores solares modelo ECOSUN suman en su totalidad <strong>3,050 m<sup>2<\/sup><\/strong> de \u00e1rea de captaci\u00f3n real, con una capacidad instalada de <strong>2.14 megawatts<\/strong> t\u00e9rmicos (MWth).<\/p>\n<p>Con estos sistemas, las acu\u00e1ticas ahorrar\u00e1n m\u00e1s de 435 mil litros de GLP por a\u00f1o y logran una mitigaci\u00f3n der 715 toneladas de CO<sub>2<\/sub> anuales. El funcionamiento de los equipos est\u00e1 completamente automatizado y cuenta con un sistema de monitoreo v\u00eda web que permite asegurar su rendimiento energ\u00e9tico de manera permanente.<\/p>\n<p>La cadena deportiva Nelson Vargas se ha afianzado como una de las principales escuelas de nataci\u00f3n y acu\u00e1ticas de alto rendimiento a nivel nacional, demostrando de forma importante su compromiso con la sustentabilidad y el ahorro energ\u00e9tico.<\/p>    <\/div>\n<\/div>\n<!-- \/module text -->        <\/div>\n                        <\/div>\n        <\/div>\n                        <div  data-lazy=\"1\" class=\"module_row themify_builder_row tb_7jdh253 tf_w\">\n                        <div class=\"row_inner col_align_top tb_col_count_1 tf_box tf_rel\">\n                        <div  data-lazy=\"1\" class=\"module_column tb-column col-full tb_bhuc069 first\">\n                    <!-- module image -->\n<div  class=\"module module-image tb_evl9361 image-center   tf_mw\" data-lazy=\"1\">\n        <div class=\"image-wrap tf_rel tf_mw\">\n            <img loading=\"lazy\" decoding=\"async\" src=\"https:\/\/modulosolar.com\/mx\/wp-content\/uploads\/2019\/07\/ANV-800x734.jpg\" width=\"800\" height=\"734\" class=\"wp-post-image wp-image-3841\" title=\"ANV\" alt=\"ANV\" srcset=\"https:\/\/modulosolar.com\/mx\/wp-content\/uploads\/2019\/07\/ANV-800x734.jpg 800w, https:\/\/modulosolar.com\/mx\/wp-content\/uploads\/2019\/07\/ANV-300x275.jpg 300w, https:\/\/modulosolar.com\/mx\/wp-content\/uploads\/2019\/07\/ANV.jpg 647w\" sizes=\"auto, (max-width: 800px) 100vw, 800px\" \/>    \n        <\/div>\n    <!-- \/image-wrap -->\n    \n        <\/div>\n<!-- \/module image -->        <\/div>\n                        <\/div>\n        <\/div>\n        <\/div>\n<!--\/themify_builder_content-->","protected":false},"excerpt":{"rendered":"<p>M\u00f3dulo Solar termin\u00f3 en el pasado mes de junio la instalaci\u00f3n de sistemas de calentamiento solar de agua para la cadena de Acu\u00e1ticas Nelson Vargas a nivel nacional. Los sistemas, compuestos por colectores solares de alta eficiencia para calentamiento de albercas, fueron puestos en operaci\u00f3n en 11 de las albercas de la cadena deportiva en [&hellip;]<\/p>\n","protected":false},"author":8,"featured_media":0,"comment_status":"closed","ping_status":"closed","sticky":false,"template":"","format":"standard","meta":{"_jetpack_memberships_contains_paid_content":false,"_joinchat":[],"footnotes":""},"categories":[20],"tags":[],"class_list":["post-3840","post","type-post","status-publish","format-standard","hentry","category-noticias","has-post-title","has-post-date","has-post-category","has-post-tag","has-post-comment","has-post-author",""],"yoast_head":"<!-- This site is optimized with the Yoast SEO plugin v26.8 - https:\/\/yoast.com\/product\/yoast-seo-wordpress\/ -->\n<title>M\u00d3DULO SOLAR INSTALA COLECTORES SOLARES EN ONCE ALBERCAS DE LAS ACU\u00c1TICAS NELSON VARGAS A NIVEL NACIONAL - modulosolar<\/title>\n<meta name=\"robots\" content=\"index, follow, max-snippet:-1, max-image-preview:large, max-video-preview:-1\" \/>\n<link rel=\"canonical\" href=\"https:\/\/modulosolar.com\/mx\/modulo-solar-instala-colectores-solares-en-once-albercas-de-las-acuaticas-nelson-vargas-a-nivel-nacional\/\" \/>\n<meta property=\"og:locale\" content=\"es_ES\" \/>\n<meta property=\"og:type\" content=\"article\" \/>\n<meta property=\"og:title\" content=\"M\u00d3DULO SOLAR INSTALA COLECTORES SOLARES EN ONCE ALBERCAS DE LAS ACU\u00c1TICAS NELSON VARGAS A NIVEL NACIONAL - modulosolar\" \/>\n<meta property=\"og:description\" content=\"M\u00f3dulo Solar termin\u00f3 en el pasado mes de junio la instalaci\u00f3n de sistemas de calentamiento solar de agua para la cadena de Acu\u00e1ticas Nelson Vargas a nivel nacional. Los sistemas, compuestos por colectores solares de alta eficiencia para calentamiento de albercas, fueron puestos en operaci\u00f3n en 11 de las albercas de la cadena deportiva en [&hellip;]\" \/>\n<meta property=\"og:url\" content=\"https:\/\/modulosolar.com\/mx\/modulo-solar-instala-colectores-solares-en-once-albercas-de-las-acuaticas-nelson-vargas-a-nivel-nacional\/\" \/>\n<meta property=\"og:site_name\" content=\"modulosolar\" \/>\n<meta property=\"article:publisher\" content=\"https:\/\/www.facebook.com\/modulosolaroficial\" \/>\n<meta property=\"article:published_time\" content=\"2019-07-23T16:08:03+00:00\" \/>\n<meta property=\"article:modified_time\" content=\"2019-07-23T16:25:19+00:00\" \/>\n<meta property=\"og:image\" content=\"https:\/\/modulosolar.com\/mx\/wp-content\/uploads\/2019\/07\/ANV-800x734.jpg\" \/>\n<meta name=\"author\" content=\"Alejandro Alberto Vazquez\" \/>\n<meta name=\"twitter:card\" content=\"summary_large_image\" \/>\n<meta name=\"twitter:creator\" content=\"@Modulo_solar\" \/>\n<meta name=\"twitter:site\" content=\"@Modulo_solar\" \/>\n<meta name=\"twitter:label1\" content=\"Escrito por\" \/>\n\t<meta name=\"twitter:data1\" content=\"Alejandro Alberto Vazquez\" \/>\n\t<meta name=\"twitter:label2\" content=\"Tiempo de lectura\" \/>\n\t<meta name=\"twitter:data2\" content=\"1 minuto\" \/>\n<script type=\"application\/ld+json\" class=\"yoast-schema-graph\">{\"@context\":\"https:\/\/schema.org\",\"@graph\":[{\"@type\":\"Article\",\"@id\":\"https:\/\/modulosolar.com\/mx\/modulo-solar-instala-colectores-solares-en-once-albercas-de-las-acuaticas-nelson-vargas-a-nivel-nacional\/#article\",\"isPartOf\":{\"@id\":\"https:\/\/modulosolar.com\/mx\/modulo-solar-instala-colectores-solares-en-once-albercas-de-las-acuaticas-nelson-vargas-a-nivel-nacional\/\"},\"author\":{\"name\":\"Alejandro Alberto Vazquez\",\"@id\":\"https:\/\/modulosolar.com\/mx\/#\/schema\/person\/16b8ce008a2ae66e11dcc43ff4463a72\"},\"headline\":\"M\u00d3DULO SOLAR INSTALA COLECTORES SOLARES EN ONCE ALBERCAS DE LAS ACU\u00c1TICAS NELSON VARGAS A NIVEL NACIONAL\",\"datePublished\":\"2019-07-23T16:08:03+00:00\",\"dateModified\":\"2019-07-23T16:25:19+00:00\",\"mainEntityOfPage\":{\"@id\":\"https:\/\/modulosolar.com\/mx\/modulo-solar-instala-colectores-solares-en-once-albercas-de-las-acuaticas-nelson-vargas-a-nivel-nacional\/\"},\"wordCount\":243,\"publisher\":{\"@id\":\"https:\/\/modulosolar.com\/mx\/#organization\"},\"image\":{\"@id\":\"https:\/\/modulosolar.com\/mx\/modulo-solar-instala-colectores-solares-en-once-albercas-de-las-acuaticas-nelson-vargas-a-nivel-nacional\/#primaryimage\"},\"thumbnailUrl\":\"https:\/\/modulosolar.com\/mx\/wp-content\/uploads\/2019\/07\/ANV-800x734.jpg\",\"articleSection\":[\"Noticias\"],\"inLanguage\":\"es\"},{\"@type\":\"WebPage\",\"@id\":\"https:\/\/modulosolar.com\/mx\/modulo-solar-instala-colectores-solares-en-once-albercas-de-las-acuaticas-nelson-vargas-a-nivel-nacional\/\",\"url\":\"https:\/\/modulosolar.com\/mx\/modulo-solar-instala-colectores-solares-en-once-albercas-de-las-acuaticas-nelson-vargas-a-nivel-nacional\/\",\"name\":\"M\u00d3DULO SOLAR INSTALA COLECTORES SOLARES EN ONCE ALBERCAS DE LAS ACU\u00c1TICAS NELSON VARGAS A NIVEL NACIONAL - modulosolar\",\"isPartOf\":{\"@id\":\"https:\/\/modulosolar.com\/mx\/#website\"},\"primaryImageOfPage\":{\"@id\":\"https:\/\/modulosolar.com\/mx\/modulo-solar-instala-colectores-solares-en-once-albercas-de-las-acuaticas-nelson-vargas-a-nivel-nacional\/#primaryimage\"},\"image\":{\"@id\":\"https:\/\/modulosolar.com\/mx\/modulo-solar-instala-colectores-solares-en-once-albercas-de-las-acuaticas-nelson-vargas-a-nivel-nacional\/#primaryimage\"},\"thumbnailUrl\":\"https:\/\/modulosolar.com\/mx\/wp-content\/uploads\/2019\/07\/ANV-800x734.jpg\",\"datePublished\":\"2019-07-23T16:08:03+00:00\",\"dateModified\":\"2019-07-23T16:25:19+00:00\",\"breadcrumb\":{\"@id\":\"https:\/\/modulosolar.com\/mx\/modulo-solar-instala-colectores-solares-en-once-albercas-de-las-acuaticas-nelson-vargas-a-nivel-nacional\/#breadcrumb\"},\"inLanguage\":\"es\",\"potentialAction\":[{\"@type\":\"ReadAction\",\"target\":[\"https:\/\/modulosolar.com\/mx\/modulo-solar-instala-colectores-solares-en-once-albercas-de-las-acuaticas-nelson-vargas-a-nivel-nacional\/\"]}]},{\"@type\":\"ImageObject\",\"inLanguage\":\"es\",\"@id\":\"https:\/\/modulosolar.com\/mx\/modulo-solar-instala-colectores-solares-en-once-albercas-de-las-acuaticas-nelson-vargas-a-nivel-nacional\/#primaryimage\",\"url\":\"https:\/\/modulosolar.com\/mx\/wp-content\/uploads\/2019\/07\/ANV.jpg\",\"contentUrl\":\"https:\/\/modulosolar.com\/mx\/wp-content\/uploads\/2019\/07\/ANV.jpg\",\"width\":647,\"height\":594},{\"@type\":\"BreadcrumbList\",\"@id\":\"https:\/\/modulosolar.com\/mx\/modulo-solar-instala-colectores-solares-en-once-albercas-de-las-acuaticas-nelson-vargas-a-nivel-nacional\/#breadcrumb\",\"itemListElement\":[{\"@type\":\"ListItem\",\"position\":1,\"name\":\"Portada\",\"item\":\"https:\/\/modulosolar.com\/mx\/\"},{\"@type\":\"ListItem\",\"position\":2,\"name\":\"M\u00d3DULO SOLAR INSTALA COLECTORES SOLARES EN ONCE ALBERCAS DE LAS ACU\u00c1TICAS NELSON VARGAS A NIVEL NACIONAL\"}]},{\"@type\":\"WebSite\",\"@id\":\"https:\/\/modulosolar.com\/mx\/#website\",\"url\":\"https:\/\/modulosolar.com\/mx\/\",\"name\":\"M\u00f3dulo Solar\",\"description\":\"SISTEMAS Y EQUIPOS SOLARES PARA CALENTAMIENTO DE AGUA\",\"publisher\":{\"@id\":\"https:\/\/modulosolar.com\/mx\/#organization\"},\"potentialAction\":[{\"@type\":\"SearchAction\",\"target\":{\"@type\":\"EntryPoint\",\"urlTemplate\":\"https:\/\/modulosolar.com\/mx\/?s={search_term_string}\"},\"query-input\":{\"@type\":\"PropertyValueSpecification\",\"valueRequired\":true,\"valueName\":\"search_term_string\"}}],\"inLanguage\":\"es\"},{\"@type\":\"Organization\",\"@id\":\"https:\/\/modulosolar.com\/mx\/#organization\",\"name\":\"M\u00f3dulo Solar\",\"url\":\"https:\/\/modulosolar.com\/mx\/\",\"logo\":{\"@type\":\"ImageObject\",\"inLanguage\":\"es\",\"@id\":\"https:\/\/modulosolar.com\/mx\/#\/schema\/logo\/image\/\",\"url\":\"https:\/\/modulosolar.com\/mx\/wp-content\/uploads\/2025\/03\/Logo-MS-transparente-1024.png\",\"contentUrl\":\"https:\/\/modulosolar.com\/mx\/wp-content\/uploads\/2025\/03\/Logo-MS-transparente-1024.png\",\"width\":1024,\"height\":1024,\"caption\":\"M\u00f3dulo Solar\"},\"image\":{\"@id\":\"https:\/\/modulosolar.com\/mx\/#\/schema\/logo\/image\/\"},\"sameAs\":[\"https:\/\/www.facebook.com\/modulosolaroficial\",\"https:\/\/x.com\/Modulo_solar\",\"https:\/\/www.youtube.com\/@modulosolar5120\"]},{\"@type\":\"Person\",\"@id\":\"https:\/\/modulosolar.com\/mx\/#\/schema\/person\/16b8ce008a2ae66e11dcc43ff4463a72\",\"name\":\"Alejandro Alberto Vazquez\",\"sameAs\":[\"http:\/\/www.cencer.org.mx\"],\"url\":\"https:\/\/modulosolar.com\/mx\/author\/avazquez\/\"}]}<\/script>\n<!-- \/ Yoast SEO plugin. -->","yoast_head_json":{"title":"M\u00d3DULO SOLAR INSTALA COLECTORES SOLARES EN ONCE ALBERCAS DE LAS ACU\u00c1TICAS NELSON VARGAS A NIVEL NACIONAL - modulosolar","robots":{"index":"index","follow":"follow","max-snippet":"max-snippet:-1","max-image-preview":"max-image-preview:large","max-video-preview":"max-video-preview:-1"},"canonical":"https:\/\/modulosolar.com\/mx\/modulo-solar-instala-colectores-solares-en-once-albercas-de-las-acuaticas-nelson-vargas-a-nivel-nacional\/","og_locale":"es_ES","og_type":"article","og_title":"M\u00d3DULO SOLAR INSTALA COLECTORES SOLARES EN ONCE ALBERCAS DE LAS ACU\u00c1TICAS NELSON VARGAS A NIVEL NACIONAL - modulosolar","og_description":"M\u00f3dulo Solar termin\u00f3 en el pasado mes de junio la instalaci\u00f3n de sistemas de calentamiento solar de agua para la cadena de Acu\u00e1ticas Nelson Vargas a nivel nacional. Los sistemas, compuestos por colectores solares de alta eficiencia para calentamiento de albercas, fueron puestos en operaci\u00f3n en 11 de las albercas de la cadena deportiva en [&hellip;]","og_url":"https:\/\/modulosolar.com\/mx\/modulo-solar-instala-colectores-solares-en-once-albercas-de-las-acuaticas-nelson-vargas-a-nivel-nacional\/","og_site_name":"modulosolar","article_publisher":"https:\/\/www.facebook.com\/modulosolaroficial","article_published_time":"2019-07-23T16:08:03+00:00","article_modified_time":"2019-07-23T16:25:19+00:00","og_image":[{"url":"https:\/\/modulosolar.com\/mx\/wp-content\/uploads\/2019\/07\/ANV-800x734.jpg","type":"","width":"","height":""}],"author":"Alejandro Alberto Vazquez","twitter_card":"summary_large_image","twitter_creator":"@Modulo_solar","twitter_site":"@Modulo_solar","twitter_misc":{"Escrito por":"Alejandro Alberto Vazquez","Tiempo de lectura":"1 minuto"},"schema":{"@context":"https:\/\/schema.org","@graph":[{"@type":"Article","@id":"https:\/\/modulosolar.com\/mx\/modulo-solar-instala-colectores-solares-en-once-albercas-de-las-acuaticas-nelson-vargas-a-nivel-nacional\/#article","isPartOf":{"@id":"https:\/\/modulosolar.com\/mx\/modulo-solar-instala-colectores-solares-en-once-albercas-de-las-acuaticas-nelson-vargas-a-nivel-nacional\/"},"author":{"name":"Alejandro Alberto Vazquez","@id":"https:\/\/modulosolar.com\/mx\/#\/schema\/person\/16b8ce008a2ae66e11dcc43ff4463a72"},"headline":"M\u00d3DULO SOLAR INSTALA COLECTORES SOLARES EN ONCE ALBERCAS DE LAS ACU\u00c1TICAS NELSON VARGAS A NIVEL NACIONAL","datePublished":"2019-07-23T16:08:03+00:00","dateModified":"2019-07-23T16:25:19+00:00","mainEntityOfPage":{"@id":"https:\/\/modulosolar.com\/mx\/modulo-solar-instala-colectores-solares-en-once-albercas-de-las-acuaticas-nelson-vargas-a-nivel-nacional\/"},"wordCount":243,"publisher":{"@id":"https:\/\/modulosolar.com\/mx\/#organization"},"image":{"@id":"https:\/\/modulosolar.com\/mx\/modulo-solar-instala-colectores-solares-en-once-albercas-de-las-acuaticas-nelson-vargas-a-nivel-nacional\/#primaryimage"},"thumbnailUrl":"https:\/\/modulosolar.com\/mx\/wp-content\/uploads\/2019\/07\/ANV-800x734.jpg","articleSection":["Noticias"],"inLanguage":"es"},{"@type":"WebPage","@id":"https:\/\/modulosolar.com\/mx\/modulo-solar-instala-colectores-solares-en-once-albercas-de-las-acuaticas-nelson-vargas-a-nivel-nacional\/","url":"https:\/\/modulosolar.com\/mx\/modulo-solar-instala-colectores-solares-en-once-albercas-de-las-acuaticas-nelson-vargas-a-nivel-nacional\/","name":"M\u00d3DULO SOLAR INSTALA COLECTORES SOLARES EN ONCE ALBERCAS DE LAS ACU\u00c1TICAS NELSON VARGAS A NIVEL NACIONAL - modulosolar","isPartOf":{"@id":"https:\/\/modulosolar.com\/mx\/#website"},"primaryImageOfPage":{"@id":"https:\/\/modulosolar.com\/mx\/modulo-solar-instala-colectores-solares-en-once-albercas-de-las-acuaticas-nelson-vargas-a-nivel-nacional\/#primaryimage"},"image":{"@id":"https:\/\/modulosolar.com\/mx\/modulo-solar-instala-colectores-solares-en-once-albercas-de-las-acuaticas-nelson-vargas-a-nivel-nacional\/#primaryimage"},"thumbnailUrl":"https:\/\/modulosolar.com\/mx\/wp-content\/uploads\/2019\/07\/ANV-800x734.jpg","datePublished":"2019-07-23T16:08:03+00:00","dateModified":"2019-07-23T16:25:19+00:00","breadcrumb":{"@id":"https:\/\/modulosolar.com\/mx\/modulo-solar-instala-colectores-solares-en-once-albercas-de-las-acuaticas-nelson-vargas-a-nivel-nacional\/#breadcrumb"},"inLanguage":"es","potentialAction":[{"@type":"ReadAction","target":["https:\/\/modulosolar.com\/mx\/modulo-solar-instala-colectores-solares-en-once-albercas-de-las-acuaticas-nelson-vargas-a-nivel-nacional\/"]}]},{"@type":"ImageObject","inLanguage":"es","@id":"https:\/\/modulosolar.com\/mx\/modulo-solar-instala-colectores-solares-en-once-albercas-de-las-acuaticas-nelson-vargas-a-nivel-nacional\/#primaryimage","url":"https:\/\/modulosolar.com\/mx\/wp-content\/uploads\/2019\/07\/ANV.jpg","contentUrl":"https:\/\/modulosolar.com\/mx\/wp-content\/uploads\/2019\/07\/ANV.jpg","width":647,"height":594},{"@type":"BreadcrumbList","@id":"https:\/\/modulosolar.com\/mx\/modulo-solar-instala-colectores-solares-en-once-albercas-de-las-acuaticas-nelson-vargas-a-nivel-nacional\/#breadcrumb","itemListElement":[{"@type":"ListItem","position":1,"name":"Portada","item":"https:\/\/modulosolar.com\/mx\/"},{"@type":"ListItem","position":2,"name":"M\u00d3DULO SOLAR INSTALA COLECTORES SOLARES EN ONCE ALBERCAS DE LAS ACU\u00c1TICAS NELSON VARGAS A NIVEL NACIONAL"}]},{"@type":"WebSite","@id":"https:\/\/modulosolar.com\/mx\/#website","url":"https:\/\/modulosolar.com\/mx\/","name":"M\u00f3dulo Solar","description":"SISTEMAS Y EQUIPOS SOLARES PARA CALENTAMIENTO DE AGUA","publisher":{"@id":"https:\/\/modulosolar.com\/mx\/#organization"},"potentialAction":[{"@type":"SearchAction","target":{"@type":"EntryPoint","urlTemplate":"https:\/\/modulosolar.com\/mx\/?s={search_term_string}"},"query-input":{"@type":"PropertyValueSpecification","valueRequired":true,"valueName":"search_term_string"}}],"inLanguage":"es"},{"@type":"Organization","@id":"https:\/\/modulosolar.com\/mx\/#organization","name":"M\u00f3dulo Solar","url":"https:\/\/modulosolar.com\/mx\/","logo":{"@type":"ImageObject","inLanguage":"es","@id":"https:\/\/modulosolar.com\/mx\/#\/schema\/logo\/image\/","url":"https:\/\/modulosolar.com\/mx\/wp-content\/uploads\/2025\/03\/Logo-MS-transparente-1024.png","contentUrl":"https:\/\/modulosolar.com\/mx\/wp-content\/uploads\/2025\/03\/Logo-MS-transparente-1024.png","width":1024,"height":1024,"caption":"M\u00f3dulo Solar"},"image":{"@id":"https:\/\/modulosolar.com\/mx\/#\/schema\/logo\/image\/"},"sameAs":["https:\/\/www.facebook.com\/modulosolaroficial","https:\/\/x.com\/Modulo_solar","https:\/\/www.youtube.com\/@modulosolar5120"]},{"@type":"Person","@id":"https:\/\/modulosolar.com\/mx\/#\/schema\/person\/16b8ce008a2ae66e11dcc43ff4463a72","name":"Alejandro Alberto Vazquez","sameAs":["http:\/\/www.cencer.org.mx"],"url":"https:\/\/modulosolar.com\/mx\/author\/avazquez\/"}]}},"jetpack_featured_media_url":"","jetpack_shortlink":"https:\/\/wp.me\/p8oNgt-ZW","jetpack_sharing_enabled":true,"builder_content":"<p><strong>M\u00f3dulo Solar<\/strong> termin\u00f3 en el pasado mes de junio la instalaci\u00f3n de sistemas de calentamiento solar de agua para la cadena de Acu\u00e1ticas Nelson Vargas a nivel nacional. Los sistemas, compuestos por colectores solares de alta eficiencia para calentamiento de albercas, fueron puestos en operaci\u00f3n en 11 de las albercas de la cadena deportiva en ciudades como Quer\u00e9taro, Guadalajara y la Ciudad de M\u00e9xico. Se dise\u00f1aron para un rendimiento energ\u00e9tico que permite un ahorro promedio de 70% del consumo de gas para el calentamiento del agua, contando adem\u00e1s con un contrato de garant\u00eda de desempe\u00f1o.<\/p> <p>Los colectores solares modelo ECOSUN suman en su totalidad <strong>3,050 m<sup>2<\/sup><\/strong> de \u00e1rea de captaci\u00f3n real, con una capacidad instalada de <strong>2.14 megawatts<\/strong> t\u00e9rmicos (MWth).<\/p> <p>Con estos sistemas, las acu\u00e1ticas ahorrar\u00e1n m\u00e1s de 435 mil litros de GLP por a\u00f1o y logran una mitigaci\u00f3n der 715 toneladas de CO<sub>2<\/sub> anuales. El funcionamiento de los equipos est\u00e1 completamente automatizado y cuenta con un sistema de monitoreo v\u00eda web que permite asegurar su rendimiento energ\u00e9tico de manera permanente.<\/p> <p>La cadena deportiva Nelson Vargas se ha afianzado como una de las principales escuelas de nataci\u00f3n y acu\u00e1ticas de alto rendimiento a nivel nacional, demostrando de forma importante su compromiso con la sustentabilidad y el ahorro energ\u00e9tico.<\/p>\n<img src=\"https:\/\/modulosolar.com\/mx\/wp-content\/uploads\/2019\/07\/ANV-800x734.jpg\" width=\"800\" height=\"734\" title=\"ANV\" alt=\"ANV\" srcset=\"https:\/\/modulosolar.com\/mx\/wp-content\/uploads\/2019\/07\/ANV-800x734.jpg 800w, https:\/\/modulosolar.com\/mx\/wp-content\/uploads\/2019\/07\/ANV-300x275.jpg 300w, https:\/\/modulosolar.com\/mx\/wp-content\/uploads\/2019\/07\/ANV.jpg 647w\" sizes=\"(max-width: 800px) 100vw, 800px\" \/>","_links":{"self":[{"href":"https:\/\/modulosolar.com\/mx\/wp-json\/wp\/v2\/posts\/3840","targetHints":{"allow":["GET"]}}],"collection":[{"href":"https:\/\/modulosolar.com\/mx\/wp-json\/wp\/v2\/posts"}],"about":[{"href":"https:\/\/modulosolar.com\/mx\/wp-json\/wp\/v2\/types\/post"}],"author":[{"embeddable":true,"href":"https:\/\/modulosolar.com\/mx\/wp-json\/wp\/v2\/users\/8"}],"replies":[{"embeddable":true,"href":"https:\/\/modulosolar.com\/mx\/wp-json\/wp\/v2\/comments?post=3840"}],"version-history":[{"count":11,"href":"https:\/\/modulosolar.com\/mx\/wp-json\/wp\/v2\/posts\/3840\/revisions"}],"predecessor-version":[{"id":3852,"href":"https:\/\/modulosolar.com\/mx\/wp-json\/wp\/v2\/posts\/3840\/revisions\/3852"}],"wp:attachment":[{"href":"https:\/\/modulosolar.com\/mx\/wp-json\/wp\/v2\/media?parent=3840"}],"wp:term":[{"taxonomy":"category","embeddable":true,"href":"https:\/\/modulosolar.com\/mx\/wp-json\/wp\/v2\/categories?post=3840"},{"taxonomy":"post_tag","embeddable":true,"href":"https:\/\/modulosolar.com\/mx\/wp-json\/wp\/v2\/tags?post=3840"}],"curies":[{"name":"wp","href":"https:\/\/api.w.org\/{rel}","templated":true}]}}